{"id":1511,"date":"2019-10-21T16:51:13","date_gmt":"2019-10-21T16:51:13","guid":{"rendered":"http:\/\/michaelderotus.com\/?p=1511"},"modified":"2019-10-21T16:51:13","modified_gmt":"2019-10-21T16:51:13","slug":"passage-tele","status":"publish","type":"post","link":"http:\/\/michaelderotus.com\/?p=1511","title":{"rendered":"passage t\u00e9l\u00e9"},"content":{"rendered":"\n<figure class=\"wp-block-embed-youtube wp-block-embed is-type-video is-provider-youtube wp-embed-aspect-4-3 wp-has-aspect-ratio\"><div class=\"wp-block-embed__wrapper\">\n<iframe loading=\"lazy\" title=\"Passage t\u00e9l\u00e9 - Michael Derotus dans JLPP (avec Jacky) (18\/10\/19)\" width=\"760\" height=\"570\" src=\"https:\/\/www.youtube.com\/embed\/7fmf0gnFCoQ?start=7&#038;feature=oembed\" frameborder=\"0\" allow=\"accelerometer; autoplay; encrypted-media; gyroscope; picture-in-picture\" allowfullscreen><\/iframe>\n<\/div><\/figure>\n\n\n\n<p>Vid\u00e9o de mon passage t\u00e9l\u00e9  dans \u00ab\u00a0Jacky lave plus propre\u00a0\u00bb \ud83d\udcfa sur IDF1: annonce du concert au Nez Rouge \ud83d\udd34 + interview\ud83c\udfa4 + live \ud83c\udfb8 \ud83c\udfb6\ud83c\udfb5\ud83c\udfb6 ( extrait \u00e9mission du 18\/10\/19) \ud83d\ude0a<br> En concert au Nez Rouge \ud83d\udd34  \u00e0 Paris, le samedi 26 octobre, 19h !<br> Info et r\u00e9sa:  <a rel=\"noreferrer noopener\" href=\"https:\/\/l.facebook.com\/l.php?u=https%3A%2F%2Fwww.lenezrouge.com%2Fmikael-derotus%2F%3Ffbclid%3DIwAR1B8fsMj_WoP8U_2NOiMk1bpYi2ok5VkVif6SrerAlbAvgsE50oC3fVutg&amp;h=AT3UXSt7zZipGuI6OiB0sGr_pFVhteVqdtXWEZ7XRB6MVzrX09Bj741lZEHfOYFf0InDGmsvR_zeWdTiBtd8ZNb7-9KtvRQ9hbIz5vk6t5fXE0ElWlDreOPEgOaN71L1Yne1u1vW8NqnYZ5UgKbvD8RE5wtajymhbKOXFccG0ZmT8mwrfh9AluuPzzSy6Sx4QsI4lNshSNmAHozqlCFeVkyz0nrcO3nw8aXK_2xnSBVzDTd-9YT7ffYZxiu3vzWU2RO6atCE_9SPJ9pafGW_I1Aa4ChTwYLgZloXHR3kt0LwKldaf7ZOceIbYHmMj3tEuz4lt-aGGmaoob3Wa9TR50EvHzGWfPKPvG6pSqF_NdFubB_ESa2Jq0WB9S0_0DOMLACwGS4p_1A2HvDm9Bofz6PEaDUET32DM7u7gBWkD1UI2dd2pOV7djwd0gJ_i2l-T3aHPimz8OQg4UFq3VJncpvs9-XKOPrLvxflgXT6o9DoWfttf6X9Nsuh-o38V_X9-uZPBdEUaSAyf9-IZkvuutZwh7NlugJvHkBZ830rV5zzY-7CjJMfWIJBmD9s0uCB7Q16CaAPuyqJqt4\" target=\"_blank\">https:\/\/www.lenezrouge.com\/mikael-derotus\/<\/a><\/p>\n","protected":false},"excerpt":{"rendered":"<p>Vid\u00e9o de mon passage t\u00e9l\u00e9 dans \u00ab\u00a0Jacky lave plus propre\u00a0\u00bb \ud83d\udcfa sur IDF1: annonce du concert au Nez Rouge \ud83d\udd34 + interview\ud83c\udfa4 + live \ud83c\udfb8 \ud83c\udfb6\ud83c\udfb5\ud83c\udfb6 ( extrait \u00e9mission du 18\/10\/19) \ud83d\ude0a En concert au Nez Rouge \ud83d\udd34 \u00e0 Paris, le samedi 26 octobre, 19h ! Info et r\u00e9sa: https:\/\/www.lenezrouge.com\/mikael-derotus\/<\/p>\n","protected":false},"author":1,"featured_media":0,"comment_status":"closed","ping_status":"closed","sticky":true,"template":"","format":"standard","meta":{"footnotes":""},"categories":[1],"tags":[],"class_list":["post-1511","post","type-post","status-publish","format-standard","hentry","category-uncategorized"],"_links":{"self":[{"href":"http:\/\/michaelderotus.com\/index.php?rest_route=\/wp\/v2\/posts\/1511","targetHints":{"allow":["GET"]}}],"collection":[{"href":"http:\/\/michaelderotus.com\/index.php?rest_route=\/wp\/v2\/posts"}],"about":[{"href":"http:\/\/michaelderotus.com\/index.php?rest_route=\/wp\/v2\/types\/post"}],"author":[{"embeddable":true,"href":"http:\/\/michaelderotus.com\/index.php?rest_route=\/wp\/v2\/users\/1"}],"replies":[{"embeddable":true,"href":"http:\/\/michaelderotus.com\/index.php?rest_route=%2Fwp%2Fv2%2Fcomments&post=1511"}],"version-history":[{"count":1,"href":"http:\/\/michaelderotus.com\/index.php?rest_route=\/wp\/v2\/posts\/1511\/revisions"}],"predecessor-version":[{"id":1512,"href":"http:\/\/michaelderotus.com\/index.php?rest_route=\/wp\/v2\/posts\/1511\/revisions\/1512"}],"wp:attachment":[{"href":"http:\/\/michaelderotus.com\/index.php?rest_route=%2Fwp%2Fv2%2Fmedia&parent=1511"}],"wp:term":[{"taxonomy":"category","embeddable":true,"href":"http:\/\/michaelderotus.com\/index.php?rest_route=%2Fwp%2Fv2%2Fcategories&post=1511"},{"taxonomy":"post_tag","embeddable":true,"href":"http:\/\/michaelderotus.com\/index.php?rest_route=%2Fwp%2Fv2%2Ftags&post=1511"}],"curies":[{"name":"wp","href":"https:\/\/api.w.org\/{rel}","templated":true}]}}